{"id":8044,"date":"2024-12-05T16:38:38","date_gmt":"2024-12-05T15:38:38","guid":{"rendered":"https:\/\/apfautoparts.com\/?p=8044"},"modified":"2024-12-05T16:48:37","modified_gmt":"2024-12-05T15:48:37","slug":"byd-x-apf-together-on-the-road-to-excellence","status":"publish","type":"post","link":"https:\/\/apfautoparts.com\/pl\/byd-x-apf-together-on-the-road-to-excellence","title":{"rendered":"APF x BYD <br><span class=\"bigger\">Together on the road to Excellence<\/span>"},"content":{"rendered":"\t\t<div data-elementor-type=\"wp-post\" data-elementor-id=\"8044\" class=\"elementor elementor-8044 elementor-7946\" data-elementor-post-type=\"post\">\n\t\t\t\t\t\t<section class=\"elementor-section elementor-top-section elementor-element elementor-element-5d629a7e elementor-section-boxed elementor-section-height-default elementor-section-height-default\" data-id=\"5d629a7e\" data-element_type=\"section\" data-e-type=\"section\" data-settings=\"{&quot;background_background&quot;:&quot;classic&quot;}\">\n\t\t\t\t\t\t<div class=\"elementor-container elementor-column-gap-no\">\n\t\t\t\t\t<div class=\"elementor-column elementor-col-50 elementor-top-column elementor-element elementor-element-5c104d42\" data-id=\"5c104d42\" data-element_type=\"column\" data-e-type=\"column\">\n\t\t\t<div class=\"elementor-widget-wrap elementor-element-populated\">\n\t\t\t\t\t\t<section class=\"elementor-section elementor-inner-section elementor-element elementor-element-62c7d8c7 elementor-section-boxed elementor-section-height-default elementor-section-height-default\" data-id=\"62c7d8c7\" data-element_type=\"section\" data-e-type=\"section\" data-settings=\"{&quot;motion_fx_motion_fx_scrolling&quot;:&quot;yes&quot;,&quot;motion_fx_translateY_effect&quot;:&quot;yes&quot;,&quot;motion_fx_translateY_direction&quot;:&quot;negative&quot;,&quot;motion_fx_translateY_affectedRange&quot;:{&quot;unit&quot;:&quot;%&quot;,&quot;size&quot;:&quot;&quot;,&quot;sizes&quot;:{&quot;start&quot;:0,&quot;end&quot;:75}},&quot;motion_fx_devices&quot;:[&quot;desktop&quot;],&quot;motion_fx_translateY_speed&quot;:{&quot;unit&quot;:&quot;px&quot;,&quot;size&quot;:4,&quot;sizes&quot;:[]}}\">\n\t\t\t\t\t\t<div class=\"elementor-container elementor-column-gap-no\">\n\t\t\t\t\t<div class=\"elementor-column elementor-col-100 elementor-inner-column elementor-element elementor-element-32a38325\" data-id=\"32a38325\" data-element_type=\"column\" data-e-type=\"column\">\n\t\t\t<div class=\"elementor-widget-wrap elementor-element-populated\">\n\t\t\t\t\t\t<div class=\"elementor-element elementor-element-5d93e4e7 elementor-widget elementor-widget-heading\" data-id=\"5d93e4e7\" data-element_type=\"widget\" data-e-type=\"widget\" data-widget_type=\"heading.default\">\n\t\t\t\t<div class=\"elementor-widget-container\">\n\t\t\t\t\t<span class=\"elementor-heading-title elementor-size-default\">Komunikat prasowy<\/span>\t\t\t\t<\/div>\n\t\t\t\t<\/div>\n\t\t\t\t<div class=\"elementor-element elementor-element-479c45df elementor-widget elementor-widget-heading\" data-id=\"479c45df\" data-element_type=\"widget\" data-e-type=\"widget\" data-widget_type=\"heading.default\">\n\t\t\t\t<div class=\"elementor-widget-container\">\n\t\t\t\t\t<h1 class=\"elementor-heading-title elementor-size-default\">APF x BYD<br> <span class=\"bigger\">Strategiczny sojusz <\/span><\/h1>\t\t\t\t<\/div>\n\t\t\t\t<\/div>\n\t\t\t\t<div class=\"elementor-element elementor-element-7e861077 elementor-widget-divider--view-line elementor-widget elementor-widget-divider\" data-id=\"7e861077\" data-element_type=\"widget\" data-e-type=\"widget\" data-widget_type=\"divider.default\">\n\t\t\t\t<div class=\"elementor-widget-container\">\n\t\t\t\t\t\t\t<div class=\"elementor-divider\">\n\t\t\t<span class=\"elementor-divider-separator\">\n\t\t\t\t\t\t<\/span>\n\t\t<\/div>\n\t\t\t\t\t\t<\/div>\n\t\t\t\t<\/div>\n\t\t\t\t<div class=\"elementor-element elementor-element-5ca13231 elementor-widget__width-initial elementor-widget elementor-widget-text-editor\" data-id=\"5ca13231\" data-element_type=\"widget\" data-e-type=\"widget\" data-widget_type=\"text-editor.default\">\n\t\t\t\t<div class=\"elementor-widget-container\">\n\t\t\t\t\t\t\t\t\t<p>APF Autoparts i BYD BELUX z dum\u0105 og\u0142aszaj\u0105 nowe partnerstwo pod has\u0142em &#8217;<em>Together on the road to Excellence<\/em>\u2019. Ten strategiczny sojusz oznacza wa\u017cny krok naprz\u00f3d w dystrybucji oryginalnych cz\u0119\u015bci zamiennych BYD w regionie BELUX. Od teraz APF Autoparts b\u0119dzie zajmowa\u0107 si\u0119 logistyczn\u0105 dystrybucj\u0105 cz\u0119\u015bci zamiennych wschodz\u0105cej chi\u0144skiej marki samochodowej.<\/p>\n\t\t\t\t\t\t\t\t<\/div>\n\t\t\t\t<\/div>\n\t\t\t\t<div class=\"elementor-element elementor-element-50c9199 elementor-widget elementor-widget-spacer\" data-id=\"50c9199\" data-element_type=\"widget\" data-e-type=\"widget\" data-widget_type=\"spacer.default\">\n\t\t\t\t<div class=\"elementor-widget-container\">\n\t\t\t\t\t\t\t<div class=\"elementor-spacer\">\n\t\t\t<div class=\"elementor-spacer-inner\"><\/div>\n\t\t<\/div>\n\t\t\t\t\t\t<\/div>\n\t\t\t\t<\/div>\n\t\t\t\t<div class=\"elementor-element elementor-element-7d654000 elementor-widget__width-initial elementor-widget elementor-widget-button\" data-id=\"7d654000\" data-element_type=\"widget\" data-e-type=\"widget\" data-widget_type=\"button.default\">\n\t\t\t\t<div class=\"elementor-widget-container\">\n\t\t\t\t\t\t\t\t\t<div class=\"elementor-button-wrapper\">\n\t\t\t\t\t<a class=\"elementor-button elementor-button-link elementor-size-sm\" href=\"https:\/\/apfautoparts.com\/pl\/kontakt\">\n\t\t\t\t\t\t<span class=\"elementor-button-content-wrapper\">\n\t\t\t\t\t\t\t\t\t<span class=\"elementor-button-text\">Chcesz dowiedzie\u0107 si\u0119 wi\u0119cej?<\/span>\n\t\t\t\t\t<\/span>\n\t\t\t\t\t<\/a>\n\t\t\t\t<\/div>\n\t\t\t\t\t\t\t\t<\/div>\n\t\t\t\t<\/div>\n\t\t\t\t<div class=\"elementor-element elementor-element-6cc5bf0e elementor-widget elementor-widget-spacer\" data-id=\"6cc5bf0e\" data-element_type=\"widget\" data-e-type=\"widget\" data-widget_type=\"spacer.default\">\n\t\t\t\t<div class=\"elementor-widget-container\">\n\t\t\t\t\t\t\t<div class=\"elementor-spacer\">\n\t\t\t<div class=\"elementor-spacer-inner\"><\/div>\n\t\t<\/div>\n\t\t\t\t\t\t<\/div>\n\t\t\t\t<\/div>\n\t\t\t\t<div class=\"elementor-element elementor-element-1a0b33c7 elementor-widget__width-initial elementor-widget-divider--view-line elementor-widget elementor-widget-divider\" data-id=\"1a0b33c7\" data-element_type=\"widget\" data-e-type=\"widget\" data-widget_type=\"divider.default\">\n\t\t\t\t<div class=\"elementor-widget-container\">\n\t\t\t\t\t\t\t<div class=\"elementor-divider\">\n\t\t\t<span class=\"elementor-divider-separator\">\n\t\t\t\t\t\t<\/span>\n\t\t<\/div>\n\t\t\t\t\t\t<\/div>\n\t\t\t\t<\/div>\n\t\t\t\t\t<\/div>\n\t\t<\/div>\n\t\t\t\t\t<\/div>\n\t\t<\/section>\n\t\t\t\t\t<\/div>\n\t\t<\/div>\n\t\t\t\t<div class=\"elementor-column elementor-col-50 elementor-top-column elementor-element elementor-element-6a5e2f54\" data-id=\"6a5e2f54\" data-element_type=\"column\" data-e-type=\"column\">\n\t\t\t<div class=\"elementor-widget-wrap elementor-element-populated\">\n\t\t\t\t\t\t<div class=\"elementor-element elementor-element-3824ba0c elementor-widget elementor-widget-image\" data-id=\"3824ba0c\" data-element_type=\"widget\" data-e-type=\"widget\" data-settings=\"{&quot;motion_fx_motion_fx_scrolling&quot;:&quot;yes&quot;,&quot;motion_fx_translateY_effect&quot;:&quot;yes&quot;,&quot;motion_fx_devices&quot;:[&quot;desktop&quot;],&quot;motion_fx_translateY_speed&quot;:{&quot;unit&quot;:&quot;px&quot;,&quot;size&quot;:4,&quot;sizes&quot;:[]},&quot;motion_fx_translateY_affectedRange&quot;:{&quot;unit&quot;:&quot;%&quot;,&quot;size&quot;:&quot;&quot;,&quot;sizes&quot;:{&quot;start&quot;:0,&quot;end&quot;:100}}}\" data-widget_type=\"image.default\">\n\t\t\t\t<div class=\"elementor-widget-container\">\n\t\t\t\t\t\t\t\t\t\t\t\t\t\t\t<img fetchpriority=\"high\" decoding=\"async\" width=\"1200\" height=\"1088\" src=\"https:\/\/apfautoparts.com\/wp-content\/uploads\/2024\/12\/BYD-x-APF-2-kopie-e1733404289749.jpg\" class=\"attachment-full size-full wp-image-8025\" alt=\"BYD x APF\" \/>\t\t\t\t\t\t\t\t\t\t\t\t\t\t\t<\/div>\n\t\t\t\t<\/div>\n\t\t\t\t\t<\/div>\n\t\t<\/div>\n\t\t\t\t\t<\/div>\n\t\t<\/section>\n\t\t\t\t<section class=\"elementor-section elementor-top-section elementor-element elementor-element-195c03bc elementor-section-boxed elementor-section-height-default elementor-section-height-default\" data-id=\"195c03bc\" data-element_type=\"section\" data-e-type=\"section\">\n\t\t\t\t\t\t<div class=\"elementor-container elementor-column-gap-no\">\n\t\t\t\t\t<div class=\"elementor-column elementor-col-50 elementor-top-column elementor-element elementor-element-6292cb2a\" data-id=\"6292cb2a\" data-element_type=\"column\" data-e-type=\"column\" id=\"solform\">\n\t\t\t<div class=\"elementor-widget-wrap elementor-element-populated\">\n\t\t\t\t\t\t<div class=\"elementor-element elementor-element-2b1c0737 elementor-widget elementor-widget-image\" data-id=\"2b1c0737\" data-element_type=\"widget\" data-e-type=\"widget\" data-widget_type=\"image.default\">\n\t\t\t\t<div class=\"elementor-widget-container\">\n\t\t\t\t\t\t\t\t\t\t\t\t\t\t\t<img decoding=\"async\" width=\"1536\" height=\"2048\" src=\"https:\/\/apfautoparts.com\/wp-content\/uploads\/2024\/12\/Afbeelding-van-WhatsApp-op-2024-12-05-om-13.37-e1733403516141.webp\" class=\"attachment-full size-full wp-image-8003\" alt=\"BYD Stock\" \/>\t\t\t\t\t\t\t\t\t\t\t\t\t\t\t<\/div>\n\t\t\t\t<\/div>\n\t\t\t\t\t<\/div>\n\t\t<\/div>\n\t\t\t\t<div class=\"elementor-column elementor-col-50 elementor-top-column elementor-element elementor-element-7b56280\" data-id=\"7b56280\" data-element_type=\"column\" data-e-type=\"column\">\n\t\t\t<div class=\"elementor-widget-wrap elementor-element-populated\">\n\t\t\t\t\t\t<div class=\"elementor-element elementor-element-88ee3c7 elementor-widget elementor-widget-heading\" data-id=\"88ee3c7\" data-element_type=\"widget\" data-e-type=\"widget\" data-widget_type=\"heading.default\">\n\t\t\t\t<div class=\"elementor-widget-container\">\n\t\t\t\t\t<h2 class=\"elementor-heading-title elementor-size-default\">Together on the road to Excellence<\/h2>\t\t\t\t<\/div>\n\t\t\t\t<\/div>\n\t\t\t\t<div class=\"elementor-element elementor-element-3f7c39f8 elementor-widget-divider--view-line elementor-widget elementor-widget-divider\" data-id=\"3f7c39f8\" data-element_type=\"widget\" data-e-type=\"widget\" data-widget_type=\"divider.default\">\n\t\t\t\t<div class=\"elementor-widget-container\">\n\t\t\t\t\t\t\t<div class=\"elementor-divider\">\n\t\t\t<span class=\"elementor-divider-separator\">\n\t\t\t\t\t\t<\/span>\n\t\t<\/div>\n\t\t\t\t\t\t<\/div>\n\t\t\t\t<\/div>\n\t\t\t\t<div class=\"elementor-element elementor-element-7f3d87e7 elementor-widget__width-initial elementor-widget elementor-widget-text-editor\" data-id=\"7f3d87e7\" data-element_type=\"widget\" data-e-type=\"widget\" data-widget_type=\"text-editor.default\">\n\t\t\t\t<div class=\"elementor-widget-container\">\n\t\t\t\t\t\t\t\t\t<p>Wsp\u00f3\u0142praca mi\u0119dzy APF i BYD zosta\u0142a nawi\u0105zana w celu zaoferowania jak najlepszej obs\u0142ugi wszystkim zainteresowanym stronom. \u0141\u0105cz\u0105c si\u0142y, mo\u017cemy zwi\u0119kszy\u0107 dost\u0119pno\u015b\u0107, niezawodno\u015b\u0107 i szybko\u015b\u0107 dostaw. Wszystko z my\u015bl\u0105 o zapewnieniu jak najlepszej obs\u0142ugi klienta.<\/p>\n<p>\u201eAPF Autoparts z przyjemno\u015bci\u0105 rozpoczyna wsp\u00f3\u0142prac\u0119 z BYD BELUX\u201d &#8211; m\u00f3wi J\u00fcrgen Sonck, dyrektor generalny i za\u0142o\u017cyciel APF Autoparts. \u201eRozszerzenie naszej oferty produkt\u00f3w i us\u0142ug doprowadzi\u0142o do gwa\u0142townego wzrostu w ci\u0105gu ostatnich 10 lat: od krajowej firmy ze skromnymi przedstawicielstwami za granic\u0105 do mi\u0119dzynarodowego gracza, kt\u00f3rego nie mo\u017cna zignorowa\u0107. Fakt, \u017ce mo\u017cemy teraz oferowa\u0107 naszym klientom wy\u0142\u0105cznie produkty BYD, jest dla nas symboliczn\u0105 wisienk\u0105 na torcie 25-lecia naszej dzia\u0142alno\u015bci\u201d.<\/p>\n<p>W ci\u0105gu ostatnich kilku miesi\u0119cy &#8217;<em>Together on the road to Excellence<\/em>\u2019 by\u0142o r\u00f3wnie\u017c starannie przygotowywane za kulisami w APF Autoparts. \u201eMarka BYD zosta\u0142a dodana do naszej internetowej platformy zam\u00f3wie\u0144 Wiuse. Nasi klienci mog\u0105 z \u0142atwo\u015bci\u0105 z\u0142o\u017cy\u0107 tam bezpo\u015brednie zam\u00f3wienie, je\u015bli posiadaj\u0105 niezb\u0119dny numer cz\u0119\u015bci. Ponadto nasz zesp\u00f3\u0142 wsparcia technicznego jest r\u00f3wnie\u017c gotowy do pomocy klientom przy zam\u00f3wieniach BYD. Dzi\u0119ki ich dog\u0142\u0119bnej znajomo\u015bci sektora cz\u0119\u015bci zamiennych, mo\u017cemy zagwarantowa\u0107 prawid\u0142ow\u0105 cz\u0119\u015b\u0107 natychmiast w prawie 100% przypadk\u00f3w\u201d, m\u00f3wi J\u00fcrgen Sonck. \u201eAle w pe\u0142ni przygotowali\u015bmy r\u00f3wnie\u017c stron\u0119 logistyczn\u0105. W ci\u0105gu ostatnich kilku miesi\u0119cy ci\u0119\u017cko pracowali\u015bmy nad stworzeniem obszernych zapas\u00f3w magazynowych dla BYD. W magazynie przeznaczyli\u015bmy na to ca\u0142kowicie oddzielny obszar. Im wi\u0119cej zapas\u00f3w mo\u017cemy zgromadzi\u0107, tym lepsz\u0105 obs\u0142ug\u0119 mo\u017cemy zagwarantowa\u0107 naszym klientom\u201d.<\/p>\n<p>Dzi\u0119ki &#8217;<em>APF x BYD: <\/em><em>Together on the road to Excellence<\/em>\u2019, od teraz ka\u017cdy b\u0119dzie mia\u0142 \u0142atwy dost\u0119p do ca\u0142ej gamy cz\u0119\u015bci zamiennych BYD za po\u015brednictwem APF Autoparts lub autoryzowanych dystrybutor\u00f3w marki. Zam\u00f3wienia i informacje o cenach s\u0105 \u0142atwo dost\u0119pne na stronie info@apfautoparts.be. Wi\u0119cej informacji: apfautoparts.com &amp; bydauto.be<\/p>\n\t\t\t\t\t\t\t\t<\/div>\n\t\t\t\t<\/div>\n\t\t\t\t\t<\/div>\n\t\t<\/div>\n\t\t\t\t\t<\/div>\n\t\t<\/section>\n\t\t\t\t<section class=\"elementor-section elementor-top-section elementor-element elementor-element-9850e27 elementor-section-boxed elementor-section-height-default elementor-section-height-default\" data-id=\"9850e27\" data-element_type=\"section\" data-e-type=\"section\">\n\t\t\t\t\t\t<div class=\"elementor-container elementor-column-gap-default\">\n\t\t\t\t\t<div class=\"elementor-column elementor-col-100 elementor-top-column elementor-element elementor-element-6ef3872\" data-id=\"6ef3872\" data-element_type=\"column\" data-e-type=\"column\">\n\t\t\t<div class=\"elementor-widget-wrap elementor-element-populated\">\n\t\t\t\t\t\t<div class=\"elementor-element elementor-element-e759a60 elementor-widget elementor-widget-image\" data-id=\"e759a60\" data-element_type=\"widget\" data-e-type=\"widget\" data-widget_type=\"image.default\">\n\t\t\t\t<div class=\"elementor-widget-container\">\n\t\t\t\t\t\t\t\t\t\t\t\t\t\t\t<img decoding=\"async\" width=\"800\" height=\"173\" src=\"https:\/\/apfautoparts.com\/wp-content\/uploads\/2024\/12\/Red-BYD-logo-3-1024x222.png\" class=\"attachment-large size-large wp-image-7963\" alt=\"\" srcset=\"https:\/\/apfautoparts.com\/wp-content\/uploads\/2024\/12\/Red-BYD-logo-3-1024x222.png 1024w, https:\/\/apfautoparts.com\/wp-content\/uploads\/2024\/12\/Red-BYD-logo-3-300x65.png 300w, https:\/\/apfautoparts.com\/wp-content\/uploads\/2024\/12\/Red-BYD-logo-3-768x167.png 768w, https:\/\/apfautoparts.com\/wp-content\/uploads\/2024\/12\/Red-BYD-logo-3-1536x333.png 1536w, https:\/\/apfautoparts.com\/wp-content\/uploads\/2024\/12\/Red-BYD-logo-3-2048x444.png 2048w\" sizes=\"(max-width: 800px) 100vw, 800px\">\t\t\t\t\t\t\t\t\t\t\t\t\t\t\t<\/div>\n\t\t\t\t<\/div>\n\t\t\t\t\t<\/div>\n\t\t<\/div>\n\t\t\t\t\t<\/div>\n\t\t<\/section>\n\t\t\t\t<\/div>\n\t\t","protected":false},"excerpt":{"rendered":"<p>Strategiczny sojusz pomi\u0119dzy APF i BYD<\/p>\n","protected":false},"author":2,"featured_media":3680,"comment_status":"closed","ping_status":"closed","sticky":false,"template":"elementor_header_footer","format":"standard","meta":{"footnotes":""},"categories":[52],"tags":[],"class_list":["post-8044","post","type-post","status-publish","format-standard","has-post-thumbnail","hentry","category-aktualnosci"],"_links":{"self":[{"href":"https:\/\/apfautoparts.com\/pl\/wp-json\/wp\/v2\/posts\/8044","targetHints":{"allow":["GET"]}}],"collection":[{"href":"https:\/\/apfautoparts.com\/pl\/wp-json\/wp\/v2\/posts"}],"about":[{"href":"https:\/\/apfautoparts.com\/pl\/wp-json\/wp\/v2\/types\/post"}],"author":[{"embeddable":true,"href":"https:\/\/apfautoparts.com\/pl\/wp-json\/wp\/v2\/users\/2"}],"replies":[{"embeddable":true,"href":"https:\/\/apfautoparts.com\/pl\/wp-json\/wp\/v2\/comments?post=8044"}],"version-history":[{"count":3,"href":"https:\/\/apfautoparts.com\/pl\/wp-json\/wp\/v2\/posts\/8044\/revisions"}],"predecessor-version":[{"id":8061,"href":"https:\/\/apfautoparts.com\/pl\/wp-json\/wp\/v2\/posts\/8044\/revisions\/8061"}],"wp:featuredmedia":[{"embeddable":true,"href":"https:\/\/apfautoparts.com\/pl\/wp-json\/wp\/v2\/media\/3680"}],"wp:attachment":[{"href":"https:\/\/apfautoparts.com\/pl\/wp-json\/wp\/v2\/media?parent=8044"}],"wp:term":[{"taxonomy":"category","embeddable":true,"href":"https:\/\/apfautoparts.com\/pl\/wp-json\/wp\/v2\/categories?post=8044"},{"taxonomy":"post_tag","embeddable":true,"href":"https:\/\/apfautoparts.com\/pl\/wp-json\/wp\/v2\/tags?post=8044"}],"curies":[{"name":"wp","href":"https:\/\/api.w.org\/{rel}","templated":true}]}}